{"id":9148,"date":"2026-04-24T11:14:57","date_gmt":"2026-04-24T09:14:57","guid":{"rendered":"http:\/\/www.noabe.com\/help\/?p=9148"},"modified":"2026-04-24T11:14:57","modified_gmt":"2026-04-24T09:14:57","slug":"barvy-nevypadaji-realne","status":"publish","type":"post","link":"https:\/\/www.noabe.com\/help\/index.php\/barvy-nevypadaji-realne\/","title":{"rendered":"N\u011bkter\u00e9 barvy nevypadaj\u00ed re\u00e1ln\u011b"},"content":{"rendered":"<p>Barvy na n\u011bkter\u00fdch sn\u00edmc\u00edch se li\u0161\u00ed od skute\u010dn\u00fdch barev. Pro\u010d k tomu doch\u00e1z\u00ed?<\/p>\n<p>Kamery EYE-02 a EyeSee pou\u017e\u00edvaj\u00ed infra\u010derven\u00e9 p\u0159isv\u00edcen\u00ed pro po\u0159izov\u00e1n\u00ed sn\u00edmk\u016f v noci. Je-li na sn\u00edman\u00e9 sc\u00e9n\u011b m\u00e9n\u011b viditeln\u00e9ho a mnoho infra\u010derven\u00e9ho sv\u011btla, barvy n\u011bkter\u00fdch p\u0159edm\u011bt\u016f se mohou zm\u011bnit, proto\u017ee p\u0159edm\u011bty maj\u00ed jinou barvu na viditeln\u00e9m sv\u011btle a jinou barvu p\u0159i osv\u00edcen\u00ed infra\u010derven\u00fdm sv\u011btlem.<\/p>\n<p>Nap\u0159\u00edklad zelen\u00e9 listy intenzivn\u011b odr\u00e1\u017e\u00ed infra\u010derven\u00e9 sv\u011btlo. Proto mohou vypadat fialov\u011b, je-li obloha zata\u017een\u00e1, nebo \u0161ediv\u011b za denn\u00edho sv\u011btla. Mraky sni\u017euj\u00ed intenzitu denn\u00edho sv\u011btla, ale propou\u0161t\u00ed infra\u010derven\u00e9 sv\u011btlo. Podobn\u00e9 je to s n\u011bkter\u00fdmi zdroji infra\u010derven\u00e9ho sv\u011btla v uzav\u0159en\u00fdch prostor\u00e1ch.<\/p>\n<p>Posun v barv\u011b je dan\u00fd obrazov\u00fdm sensorem, kter\u00fd je citliv\u00fd tak\u00e9 na infra\u010derven\u00e9 sv\u011bteln\u00e9 spektrum.<\/p>\n","protected":false},"excerpt":{"rendered":"<p>Barvy na n\u011bkter\u00fdch sn\u00edmc\u00edch se li\u0161\u00ed od skute\u010dn\u00fdch barev. Pro\u010d k tomu doch\u00e1z\u00ed? Kamery EYE-02 a EyeSee pou\u017e\u00edvaj\u00ed infra\u010derven\u00e9 p\u0159isv\u00edcen\u00ed pro po\u0159izov\u00e1n\u00ed sn\u00edmk\u016f v noci. Je-li na sn\u00edman\u00e9 sc\u00e9n\u011b m\u00e9n\u011b viditeln\u00e9ho a mnoho infra\u010derven\u00e9ho sv\u011btla, barvy n\u011bkter\u00fdch p\u0159edm\u011bt\u016f se mohou zm\u011bnit, proto\u017ee p\u0159edm\u011bty maj\u00ed jinou barvu na viditeln\u00e9m sv\u011btle a jinou barvu p\u0159i osv\u00edcen\u00ed infra\u010derven\u00fdm [&hellip;]<\/p>\n","protected":false},"author":1,"featured_media":0,"comment_status":"closed","ping_status":"closed","sticky":false,"template":"","format":"standard","meta":{"footnotes":""},"categories":[93,27,28],"tags":[],"class_list":["post-9148","post","type-post","status-publish","format-standard","hentry","category-cz","category-eye-02-cs","category-eyesee-cs"],"_links":{"self":[{"href":"https:\/\/www.noabe.com\/help\/index.php\/wp-json\/wp\/v2\/posts\/9148","targetHints":{"allow":["GET"]}}],"collection":[{"href":"https:\/\/www.noabe.com\/help\/index.php\/wp-json\/wp\/v2\/posts"}],"about":[{"href":"https:\/\/www.noabe.com\/help\/index.php\/wp-json\/wp\/v2\/types\/post"}],"author":[{"embeddable":true,"href":"https:\/\/www.noabe.com\/help\/index.php\/wp-json\/wp\/v2\/users\/1"}],"replies":[{"embeddable":true,"href":"https:\/\/www.noabe.com\/help\/index.php\/wp-json\/wp\/v2\/comments?post=9148"}],"version-history":[{"count":1,"href":"https:\/\/www.noabe.com\/help\/index.php\/wp-json\/wp\/v2\/posts\/9148\/revisions"}],"predecessor-version":[{"id":13926,"href":"https:\/\/www.noabe.com\/help\/index.php\/wp-json\/wp\/v2\/posts\/9148\/revisions\/13926"}],"wp:attachment":[{"href":"https:\/\/www.noabe.com\/help\/index.php\/wp-json\/wp\/v2\/media?parent=9148"}],"wp:term":[{"taxonomy":"category","embeddable":true,"href":"https:\/\/www.noabe.com\/help\/index.php\/wp-json\/wp\/v2\/categories?post=9148"},{"taxonomy":"post_tag","embeddable":true,"href":"https:\/\/www.noabe.com\/help\/index.php\/wp-json\/wp\/v2\/tags?post=9148"}],"curies":[{"name":"wp","href":"https:\/\/api.w.org\/{rel}","templated":true}]}}